{"id":11303,"date":"2026-02-03T09:15:47","date_gmt":"2026-02-03T08:15:47","guid":{"rendered":"http:\/\/konor.vilaga.eu\/?p=11303"},"modified":"2026-05-02T04:20:31","modified_gmt":"2026-05-02T02:20:31","slug":"nueva-flota-del-corredor-rosado-conoce-la-ruta-que-2","status":"publish","type":"post","link":"http:\/\/konor.vilaga.eu\/index.php\/2026\/02\/03\/nueva-flota-del-corredor-rosado-conoce-la-ruta-que-2\/","title":{"rendered":"Nueva flota del CORREDOR ROSADO: conoce la ruta que conecta Lima y Callao y el inicio de sus operaciones"},"content":{"rendered":"<p>El trayecto continuar\u00e1 por la avenida Colonial despu\u00e9s de dejar la avenida Elmer Faucett, estableciendo un corredor fluido hacia la plaza Dos de Mayo. Seg\u00fan se inform\u00f3, este dise\u00f1o de ruta ha sido planificado para evitar los puntos de mayor congesti\u00f3n y asegurar que el tiempo de viaje no supere los 70 minutos en condiciones normales de tr\u00e1nsito. La Autoridad de Transporte Urbano para Lima y Callao (ATU), en coordinaci\u00f3n con la Municipalidad del Callao, present\u00f3 la nueva flota de 30 unidades. Se trata de buses equipados con GPS, c\u00e1maras de videovigilancia y herramientas de monitoreo en tiempo real, con el objetivo de reforzar la seguridad de los usuarios y reducir la incidencia de delitos durante los recorridos. Los periodistas de la Redacci\u00f3n Trome informamos con la verdad y de una manera diferente, siempre pensando en ti. La autoridad subray\u00f3 que la iniciativa tambi\u00e9n permite elevar la experiencia de viaje para miles de ciudadanos que diariamente se movilizan entre ambas jurisdicciones.<\/p>\n<h2 id=\"toc-0\">\u00bfQuieres ser agente inmobiliario?<\/h2>\n<p>Los veh\u00edculos contar\u00e1n con pago digital, videovigilancia y GPS para reforzar la seguridad y el control operativo. Adem\u00e1s, los usuarios podr\u00e1n ver en tiempo real la ubicaci\u00f3n de los buses mediante la aplicaci\u00f3n CHALO, lo que reducir\u00e1 los tiempos de espera. Cabe precisar que el servicio del Corredor Rosado iniciar\u00e1 sus operaciones desde el 15 de mayo y forma parte de una estrategia para priorizar el transporte p\u00fablico en v\u00edas de alta congesti\u00f3n. Durante la ceremonia, autoridades destacaron que esta iniciativa apunta a ordenar el tr\u00e1nsito, reducir los tiempos de viaje y brindar mayor seguridad a los usuarios. Por su parte, el alcalde del Callao, C\u00e9sar P\u00e9rez, destac\u00f3 la importancia de esta propuesta dentro del proceso de modernizaci\u00f3n del transporte urbano en la provincia. Sostuvo que la incorporaci\u00f3n de esta flota responde a la necesidad de brindar un servicio m\u00e1s eficiente, ordenado y ajustado a las exigencias actuales de la poblaci\u00f3n.<\/p>\n<h3 id=\"toc-1\">Banda japonesa FLOW llega a Lima con \u201cNaruto The Rock World Tour 2026\u201d<\/h3>\n<p>Sin embargo, por el momento, el Kremlin est\u00e1 tranquilo sobre los juegos de Pashini\u00e1n, ya que el retraso en el proceso redunda en beneficio de Mosc\u00fa. Rusia, de hecho, est\u00e1 sacrificando sus intereses econ\u00f3micos a sus intereses regionales y pol\u00edticos. Despu\u00e9s de todo, tras la apertura del corredor de Zangazur y la firma de un acuerdo de paz entre Armenia y Azerbaiy\u00e1n, no habr\u00e1 necesidad de fuerzas de paz rusas &#8230;<\/p>\n<h2 id=\"toc-2\">Casa en Venta en Las Condes<\/h2>\n<p>El Corredor Vial Bioce\u00e1nico es un mega proyecto que busca conectar la costa sur de Brasil con los puertos chilenos, mediante una ruta que atravesar\u00e1 al mencionado Brasil, Paraguay, Argentina y Chile. En resumen, el ranking de corredoras de propiedades en Chile cuenta con algunas de las tantas corredoras que existen en el pa\u00eds y las que tienen mayor presencia, pero la mejor para ti depender\u00e1 de tus necesidades espec\u00edficas. El agente inmobiliario es quien est\u00b4constantemente cooperando en la negociaci\u00f3n, procurando conciliar los intereses de ambas partes, se resuelvan las diferencias y se soluciones los problemas que puedan surgir. Por lo tanto, estamos hablando de un profesional que no s\u00f3lo debe poseer talento para negociar, sino que debe ser paciente y emp\u00e1tico con sus clientes, en los que debe generar confianza desde el comienzo.<\/p>\n<ul>\n<li>\u201cLas fronteras del noroeste con Turqu\u00eda, Armenia, Azerbaiy\u00e1n, Najichev\u00e1n e Irak ofrecen un potencial \u00fanico de intercambio.<\/li>\n<li>Sus clientes han mostrado un alto grado de satisfacci\u00f3n al colocar sus propiedades en manos de esta compa\u00f1\u00eda.<\/li>\n<li>En tanto, el alcalde del Callao, C\u00e9sar P\u00e9rez, resalt\u00f3 la relevancia de esta iniciativa dentro del proceso de modernizaci\u00f3n del transporte urbano en la provincia.<\/li>\n<li>Por su parte, el ministro (s) de Obras P\u00fablicas, Danilo N\u00fa\u00f1ez, indic\u00f3 que \u201cel Corredor Bioce\u00e1nico Vial es un proyecto que estaba en carpeta hace d\u00e9cadas y que nuestro gobierno est\u00e1 decidido a empujar.<\/li>\n<\/ul>\n<p>El servicio est\u00e1 orientado a mejorar la movilidad entre el Callao y Lima con criterios de seguridad, tecnolog\u00eda y sostenibilidad, seg\u00fan precisaron las principales autoridades de la ATU. Finalmente, las autoridades de transporte informaron que el personal de la ATU estar\u00e1 presente en los paraderos iniciales para orientar a los usuarios sobre el uso de las tarjetas. El Corredor Rosado representa un avance en la unificaci\u00f3n del transporte urbano, permitiendo que los vecinos de Mi Per\u00fa cuenten con una conexi\u00f3n directa y econ\u00f3mica hacia los principales ejes comerciales del Cercado de Lima. El corredor rosado tendr\u00e1 un periodo de marcha blanca, y durante este tiempo el precio del pasaje ser\u00e1 de S\/ 1,50.<\/p>\n<p>Su choque con las el\u00e9ctricas, a las que atribuye el incidente, y el expediente sancionador que le ha abierto la Comisi\u00f3n Nacional de los Mercados y la Competencia (CNMC), han tensionado la situaci\u00f3n. Frente a proyectos m\u00e1s costosos y dependientes de terceros, esta ruta puede devolver a Ir\u00e1n un papel central en la log\u00edstica euroasi\u00e1tica, consolidando su influencia en las rutas comerciales internacionales. El desarrollo de instalaciones y aduanas adaptadas al tr\u00e1nsito masivo acelerar\u00eda el crecimiento econ\u00f3mico iran\u00ed. Adem\u00e1s, la activaci\u00f3n de mercados fronterizos en Norduz dar\u00eda impulso a una econom\u00eda transfronteriza viva y regional.<\/p>\n<p>Con el fin de fomentar su uso, el servicio ofrecer\u00e1 una tarifa promocional de S\/1,50 durante las tres primeras semanas de funcionamiento, en beneficio directo de los usuarios y como incentivo para optar por una alternativa de transporte formal y moderna. Con el fin de fomentar su utilizaci\u00f3n, el servicio ofrecer\u00e1 una tarifa promocional de S\/ 1.50 durante <a href=\"https:\/\/circulodecorredores.cl\/\">corredores de propiedades chile<\/a> las tres primeras semanas de funcionamiento, en beneficio directo de los usuarios y como incentivo para optar por una alternativa de transporte formal y moderna. &quot;Estamos hablando de bajar de dos horas y medias y una hora y diez minutos de recorrido porque este carril exclusivo permite que por fin el Callao y la obra que hizo el municipio provincial le den la reducci\ufffdn del tiempo de viaje que permite que los buses puedan circular con eficiencia&quot;, indic\ufffd.<\/p>\n<h3 id=\"toc-4\">Se env\u00eda el siguiente lote de productos petroleros desde Azerbaiy\u00e1n a Armenia<\/h3>\n<p>Porque estamos convencidos de que el \u00e9xito en el mundo inmobiliario se logra con capacitaci\u00f3n constante y disciplina. En julio del 2023, privados del mundo inmobiliario crearon una mesa de trabajo con el objetivo de promover la creaci\u00f3n de un Registro Nacional de Corredores de Propiedades. Esperamos haber resuelto todas tus dudas respecto a la importante labor que realizan estos profesionales y recuerda que en Compara Corredores te ayudamos a encontrar los mejores especialistas. Especialistas en el mercado inmobiliario de la V Regi\u00f3n, con enfoque estrat\u00e9gico en propiedades cerca del mar.<\/p>\n<p>El proyecto contempla la recuperaci\u00f3n del entorno urbano en todo el trayecto, en sectores sin intervenci\u00f3n previa de las autoridades. Las estaciones Abancay, Andahuaylas y Parinacochas ya cuentan con estructuras terminadas. Reggiardo destac\u00f3 que los usuarios podr\u00e1n trasladarse desde Carabayllo hasta la Estaci\u00f3n Grau en aproximadamente 30 minutos.<\/p>\n","protected":false},"excerpt":{"rendered":"<p>El trayecto continuar\u00e1 por la avenida Colonial despu\u00e9s de dejar la avenida Elmer Faucett, estableciendo un corredor fluido hacia la plaza Dos de Mayo. Seg\u00fan se inform\u00f3, este dise\u00f1o de ruta ha sido planificado para evitar los puntos de mayor congesti\u00f3n y asegurar que el tiempo de viaje no supere los 70 minutos en condiciones &hellip; <\/p>\n<p class=\"link-more\"><a href=\"http:\/\/konor.vilaga.eu\/index.php\/2026\/02\/03\/nueva-flota-del-corredor-rosado-conoce-la-ruta-que-2\/\" class=\"more-link\"><span class=\"screen-reader-text\">&#8222;Nueva flota del CORREDOR ROSADO: conoce la ruta que conecta Lima y Callao y el inicio de sus operaciones&#8221;<\/span> b\u0151vebben<\/a><\/p>\n","protected":false},"author":1,"featured_media":0,"comment_status":"open","ping_status":"open","sticky":false,"template":"","format":"standard","meta":{"footnotes":""},"categories":[400],"tags":[],"class_list":["post-11303","post","type-post","status-publish","format-standard","hentry","category-circulodecorredores-cl"],"_links":{"self":[{"href":"http:\/\/konor.vilaga.eu\/index.php\/wp-json\/wp\/v2\/posts\/11303","targetHints":{"allow":["GET"]}}],"collection":[{"href":"http:\/\/konor.vilaga.eu\/index.php\/wp-json\/wp\/v2\/posts"}],"about":[{"href":"http:\/\/konor.vilaga.eu\/index.php\/wp-json\/wp\/v2\/types\/post"}],"author":[{"embeddable":true,"href":"http:\/\/konor.vilaga.eu\/index.php\/wp-json\/wp\/v2\/users\/1"}],"replies":[{"embeddable":true,"href":"http:\/\/konor.vilaga.eu\/index.php\/wp-json\/wp\/v2\/comments?post=11303"}],"version-history":[{"count":1,"href":"http:\/\/konor.vilaga.eu\/index.php\/wp-json\/wp\/v2\/posts\/11303\/revisions"}],"predecessor-version":[{"id":11304,"href":"http:\/\/konor.vilaga.eu\/index.php\/wp-json\/wp\/v2\/posts\/11303\/revisions\/11304"}],"wp:attachment":[{"href":"http:\/\/konor.vilaga.eu\/index.php\/wp-json\/wp\/v2\/media?parent=11303"}],"wp:term":[{"taxonomy":"category","embeddable":true,"href":"http:\/\/konor.vilaga.eu\/index.php\/wp-json\/wp\/v2\/categories?post=11303"},{"taxonomy":"post_tag","embeddable":true,"href":"http:\/\/konor.vilaga.eu\/index.php\/wp-json\/wp\/v2\/tags?post=11303"}],"curies":[{"name":"wp","href":"https:\/\/api.w.org\/{rel}","templated":true}]}}